{"id":643,"date":"2018-10-08T17:10:05","date_gmt":"2018-10-08T17:10:05","guid":{"rendered":"http:\/\/www.berlinklusion.de\/?p=643"},"modified":"2020-05-12T16:10:03","modified_gmt":"2020-05-12T16:10:03","slug":"call-and-response-in-dadaa-fremantle","status":"publish","type":"post","link":"https:\/\/www.berlinklusion.de\/de\/call-and-response-in-dadaa-fremantle\/","title":{"rendered":"Call and Response in DADAA Fremantle"},"content":{"rendered":"\n<p class=\"wp-block-paragraph\">5.-7.10.2018<\/p>\n\n\n\n<p class=\"wp-block-paragraph\">Call  and Response: Reisen durch eine multi-sensorische Landschaft ist eine  k\u00fcnstlerische Zusammenarbeit zwischen der australischen zeitgen\u00f6ssischen  T\u00e4nzerin Anna Seymour und den Berliner K\u00fcnstler*innen Kirstin Broussard, Jovana Komnenic  und Dirk Sorge. Die erste Wiederholung von Call and Response fand im  Rahmen eines Austauschs des <a href=\"http:\/\/rlinklusion.de\/en\/?s=Art+Access+Australia\">Australia-Berlin Arts Exchange<\/a>-Projekts in  Berlin statt.<br>Diese zweite Wiederholung findet in Fremantle in  Westaustralien statt, einem Teil unserer laufenden Kooperationen mit  Arts Access Australia und DADAA Fremantle. <\/p>\n\n\n\n<p class=\"wp-block-paragraph\">Gemeinsam  haben sie eine interaktive Installation entwickelt, die  unterschiedliche Perspektiven untersucht, indem Klang, Bewegung und  bildende Kunst verbunden werden. Eine Serie von sinnlichen Stationen  l\u00e4dt die Teilnehmer*innen dazu ein, miteinander zu interagieren und  fl\u00fcchtige Kunstwerke zu schaffen. Dadurch werden die Themen  Verbundenheit und Verschiedenheit als Antriebskr\u00e4fte f\u00fcr Kreativit\u00e4t  erforscht.<\/p>\n\n\n\n<figure class=\"wp-block-image\"><img loading=\"lazy\" decoding=\"async\" width=\"1024\" height=\"768\" src=\"https:\/\/www.berlinklusion.de\/wp-content\/uploads\/2019\/02\/IMG_4276-1-1024x768.jpg\" alt=\"Two people in a room with chairs playing with colorful balloons\" class=\"wp-image-647\" srcset=\"https:\/\/www.berlinklusion.de\/wp-content\/uploads\/2019\/02\/IMG_4276-1-1024x768.jpg 1024w, https:\/\/www.berlinklusion.de\/wp-content\/uploads\/2019\/02\/IMG_4276-1-744x558.jpg 744w, https:\/\/www.berlinklusion.de\/wp-content\/uploads\/2019\/02\/IMG_4276-1-1200x900.jpg 1200w, https:\/\/www.berlinklusion.de\/wp-content\/uploads\/2019\/02\/IMG_4276-1-768x576.jpg 768w, https:\/\/www.berlinklusion.de\/wp-content\/uploads\/2019\/02\/IMG_4276-1-1536x1152.jpg 1536w, https:\/\/www.berlinklusion.de\/wp-content\/uploads\/2019\/02\/IMG_4276-1-2048x1536.jpg 2048w, https:\/\/www.berlinklusion.de\/wp-content\/uploads\/2019\/02\/IMG_4276-1-300x225.jpg 300w\" sizes=\"auto, (max-width: 1024px) 100vw, 1024px\" \/><\/figure>\n\n\n\n<figure class=\"wp-block-image\"><img loading=\"lazy\" decoding=\"async\" width=\"768\" height=\"1024\" src=\"https:\/\/www.berlinklusion.de\/wp-content\/uploads\/2018\/10\/IMG_4222-e1566929346890-768x1024.jpg\" alt=\"\" class=\"wp-image-885\" srcset=\"https:\/\/www.berlinklusion.de\/wp-content\/uploads\/2018\/10\/IMG_4222-e1566929346890-768x1024.jpg 768w, https:\/\/www.berlinklusion.de\/wp-content\/uploads\/2018\/10\/IMG_4222-e1566929346890-744x992.jpg 744w, https:\/\/www.berlinklusion.de\/wp-content\/uploads\/2018\/10\/IMG_4222-e1566929346890-1200x1600.jpg 1200w, https:\/\/www.berlinklusion.de\/wp-content\/uploads\/2018\/10\/IMG_4222-e1566929346890-1152x1536.jpg 1152w, https:\/\/www.berlinklusion.de\/wp-content\/uploads\/2018\/10\/IMG_4222-e1566929346890-1536x2048.jpg 1536w, https:\/\/www.berlinklusion.de\/wp-content\/uploads\/2018\/10\/IMG_4222-e1566929346890-225x300.jpg 225w, https:\/\/www.berlinklusion.de\/wp-content\/uploads\/2018\/10\/IMG_4222-e1566929346890-scaled.jpg 1920w\" sizes=\"auto, (max-width: 768px) 100vw, 768px\" \/><\/figure>\n\n\n\n<figure class=\"wp-block-image\"><img loading=\"lazy\" decoding=\"async\" width=\"768\" height=\"1024\" src=\"https:\/\/www.berlinklusion.de\/wp-content\/uploads\/2019\/08\/IMG_4246-e1566929408115-768x1024.jpg\" alt=\"\" class=\"wp-image-888\" srcset=\"https:\/\/www.berlinklusion.de\/wp-content\/uploads\/2019\/08\/IMG_4246-e1566929408115-768x1024.jpg 768w, https:\/\/www.berlinklusion.de\/wp-content\/uploads\/2019\/08\/IMG_4246-e1566929408115-744x992.jpg 744w, https:\/\/www.berlinklusion.de\/wp-content\/uploads\/2019\/08\/IMG_4246-e1566929408115-1200x1600.jpg 1200w, https:\/\/www.berlinklusion.de\/wp-content\/uploads\/2019\/08\/IMG_4246-e1566929408115-1152x1536.jpg 1152w, https:\/\/www.berlinklusion.de\/wp-content\/uploads\/2019\/08\/IMG_4246-e1566929408115-1536x2048.jpg 1536w, https:\/\/www.berlinklusion.de\/wp-content\/uploads\/2019\/08\/IMG_4246-e1566929408115-225x300.jpg 225w, https:\/\/www.berlinklusion.de\/wp-content\/uploads\/2019\/08\/IMG_4246-e1566929408115-scaled.jpg 1920w\" sizes=\"auto, (max-width: 768px) 100vw, 768px\" \/><\/figure>\n","protected":false},"excerpt":{"rendered":"<div class=\"entry-summary\">\n5.-7.10.2018 Call and Response: Reisen durch eine multi-sensorische Landschaft ist eine k\u00fcnstlerische Zusammenarbeit zwischen der australischen zeitgen\u00f6ssischen T\u00e4nzerin Anna Seymour&hellip;\n<\/div>\n<div class=\"link-more\"><a href=\"https:\/\/www.berlinklusion.de\/de\/call-and-response-in-dadaa-fremantle\/\" class=\"more-link\">Continue reading<span class=\"screen-reader-text\"> &ldquo;Call and Response in DADAA Fremantle&rdquo;<\/span>&hellip;<\/a><\/div>\n","protected":false},"author":2,"featured_media":775,"comment_status":"closed","ping_status":"open","sticky":false,"template":"","format":"standard","meta":{"_acf_changed":false,"footnotes":""},"categories":[14,110,111],"tags":[83,31,85,84,19],"class_list":["post-643","post","type-post","status-publish","format-standard","has-post-thumbnail","hentry","category-previous-projects","category-portfolio","category-workshop","tag-diversity","tag-installation","tag-movement","tag-sound","tag-visual-art","entry"],"translation":{"provider":"WPGlobus","version":"3.0.5","language":"de","enabled_languages":["en","de"],"languages":{"en":{"title":true,"content":true,"excerpt":false},"de":{"title":true,"content":false,"excerpt":false}}},"acf":[],"jetpack_featured_media_url":"https:\/\/www.berlinklusion.de\/wp-content\/uploads\/2019\/03\/IMG_4266-1-scaled.jpg","_links":{"self":[{"href":"https:\/\/www.berlinklusion.de\/de\/wp-json\/wp\/v2\/posts\/643","targetHints":{"allow":["GET"]}}],"collection":[{"href":"https:\/\/www.berlinklusion.de\/de\/wp-json\/wp\/v2\/posts"}],"about":[{"href":"https:\/\/www.berlinklusion.de\/de\/wp-json\/wp\/v2\/types\/post"}],"author":[{"embeddable":true,"href":"https:\/\/www.berlinklusion.de\/de\/wp-json\/wp\/v2\/users\/2"}],"replies":[{"embeddable":true,"href":"https:\/\/www.berlinklusion.de\/de\/wp-json\/wp\/v2\/comments?post=643"}],"version-history":[{"count":16,"href":"https:\/\/www.berlinklusion.de\/de\/wp-json\/wp\/v2\/posts\/643\/revisions"}],"predecessor-version":[{"id":1027,"href":"https:\/\/www.berlinklusion.de\/de\/wp-json\/wp\/v2\/posts\/643\/revisions\/1027"}],"wp:featuredmedia":[{"embeddable":true,"href":"https:\/\/www.berlinklusion.de\/de\/wp-json\/wp\/v2\/media\/775"}],"wp:attachment":[{"href":"https:\/\/www.berlinklusion.de\/de\/wp-json\/wp\/v2\/media?parent=643"}],"wp:term":[{"taxonomy":"category","embeddable":true,"href":"https:\/\/www.berlinklusion.de\/de\/wp-json\/wp\/v2\/categories?post=643"},{"taxonomy":"post_tag","embeddable":true,"href":"https:\/\/www.berlinklusion.de\/de\/wp-json\/wp\/v2\/tags?post=643"}],"curies":[{"name":"wp","href":"https:\/\/api.w.org\/{rel}","templated":true}]}}